{"id":2400,"date":"2018-07-17T17:32:20","date_gmt":"2018-07-17T17:32:20","guid":{"rendered":"http:\/\/ili-abogados.es\/?p=2400"},"modified":"2018-07-17T17:32:20","modified_gmt":"2018-07-17T17:32:20","slug":"mediacion","status":"publish","type":"post","link":"http:\/\/ili-abogados.es\/index.php\/2018\/07\/17\/mediacion\/","title":{"rendered":"Mediaci\u00f3n"},"content":{"rendered":"<p class=\"p1\"><span class=\"s1\">LA MEDIACION<\/span><\/p>\n<p class=\"p1\"><span class=\"s1\">La mediaci\u00f3n es una manera diferente de resolver nuestros conflictos. \u00bfPor qu\u00e9 es diferente? Porque permite a los protagonistas del conflicto resolver entre ellos mismos sus problemas. \u00bfC\u00f3mo? Con la ayuda de un mediador que sin tomar parte, sin juzgar y de manera objetiva, reconduce la comunicaci\u00f3n para que los participantes puedan volver a escucharse y hablarse, dejando de lado los reproches y las recriminaciones.<\/span><\/p>\n<p class=\"p1\"><span class=\"s1\">La mediaci\u00f3n es VOLUNTARIA, es CONFIDENCIAL, y est\u00e1 basada en el DI\u00c1LOGO.<\/span><\/p>\n<p class=\"p1\"><span class=\"s1\">Actualmente est\u00e1 regulada en la Ley 5\/2012, de 6 de julio, de mediaci\u00f3n en asuntos civiles y mercantiles<\/span><\/p>\n<p class=\"p1\"><span class=\"s1\">Por medio de esta normativa, se regula el acceso a la mediaci\u00f3n<\/span><\/p>\n<p class=\"p1\"><span class=\"s1\">\u00bfQU\u00c9 ES UN MEDIADOR?<\/span><\/p>\n<p class=\"p1\"><span class=\"s1\">Los mediadores, no son JUEZ Y PARTE, son imparciales, no imponen soluciones ni opinan sobre qui\u00e9n tiene la verdad, lo que buscan es satisfacer las necesidades de las partes en disputa, regulando el proceso de comunicaci\u00f3n y conduci\u00e9ndolo por medio de unos sencillos pasos en los que, si las partes colaboran, es posible llegar a una soluci\u00f3n en la que todos ganen o, al menos, queden satisfechos.<\/span><\/p>\n<p class=\"p1\"><span class=\"s1\">Un mediador es un profesional, con una formaci\u00f3n espec\u00edfica, que ayuda a enfocar el conflicto de otra manera. El mediador es objetivo y neutral por lo que facilita el di\u00e1logo, para que las partes lleguen a una soluci\u00f3n satisfactoria para ambas.<\/span><\/p>\n<p class=\"p1\"><span class=\"s1\">\u00bfC\u00d3MO FUNCIONA LA MEDIACI\u00d3N?<\/span><\/p>\n<p class=\"p1\"><span class=\"s1\">El procedimiento de mediaci\u00f3n es totalmente flexible, si bien ello no supone que no deba de existir ciertos elementos estructurales y diversos principios b\u00e1sicos.<\/span><\/p>\n<p class=\"p1\"><span class=\"s1\">La Ley 5\/2012,<span class=\"Apple-converted-space\">\u00a0 <\/span>en su T\u00edtulo IV, (art\u00edculos 16 a 24), fija unas fases o etapas m\u00ednimas, de obligado cumplimiento, en concordancia con los principios recogidos en la Ley, dentro de las cuales, se salvaguarda la flexibilidad del procedimiento y la voluntad de las partes.<\/span><\/p>\n<p class=\"p1\"><span class=\"s1\">Las fases m\u00ednimas a tener en cuenta son:<\/span><\/p>\n<p class=\"p1\"><span class=\"s1\">SOLICITUD DE INICIO: Esta se puede realizar por ambas partes de com\u00fan acuerdo o bien por una de las partes en cumplimiento de un sometimiento a mediaci\u00f3n previo. Tal solicitud, debe realizarse ante las instituciones de mediaci\u00f3n o frente al mediador que se haya propuesto. Y deber\u00e1 contemplar:<\/span><\/p>\n<p class=\"p1\"><span class=\"s1\"> La designaci\u00f3n del mediador o de la instituci\u00f3n que lo designe<\/span><\/p>\n<p class=\"p1\"><span class=\"s1\"> El lugar de las sesiones<\/span><\/p>\n<p class=\"p1\"><span class=\"s1\"> El idioma<\/span><\/p>\n<p class=\"p1\"><span class=\"s1\">SESIONES INFORMATIVAS: En las cuales el mediador o la instituci\u00f3n de mediaci\u00f3n informa a las partes de las posibles causas que pueden afectar a la imparcialidad del mediador, as\u00ed como de sus aptitudes, formaci\u00f3n y experiencia.<\/span><\/p>\n<p class=\"p1\"><span class=\"s1\">Igualmente se informar\u00e1 a las partes, de los plazos, de las caracter\u00edsticas de la mediaci\u00f3n, de su coste, de c\u00f3mo se van a organizar las sesiones, y de las consecuencias jur\u00eddicas que puede tener el alcance de un acuerdo.<\/span><\/p>\n<p class=\"p1\"><span class=\"s1\">SESION CONSULTIVA: En la cual las partes expresan su deseo de desarrollar la mediaci\u00f3n, y determinan: Su identificaci\u00f3n, el mediador que va a actuar, el objeto del conflicto, el programa de actuaciones a realizar, la duraci\u00f3n m\u00e1xima prevista, la informaci\u00f3n sobre el coste de la mediaci\u00f3n, la declaraci\u00f3n de aceptaci\u00f3n voluntaria del proceso, el lugar y la lengua a utilizar.<\/span><\/p>\n<p class=\"p1\"><span class=\"s1\">DESARROLLO DE SESIONES: Se intentar\u00e1 que sean el menor n\u00famero posible de sesiones, para evitar la demora de la soluci\u00f3n en el tiempo. Se convocar\u00e1 a las partes con la antelaci\u00f3n suficiente, para que puedan asistir. La direcci\u00f3n de las mismas, la llevar\u00e1 el mediador, fomentando la comunicaci\u00f3n entre las partes. Intentando fomentar su desarrollo por medios telem\u00e1ticos, siendo \u00e9ste medio preceptivo, cuando nos encontramos antes cantidades reclamadas inferiores a 600\u20ac. De estas sesiones se levantar\u00e1 acta.<\/span><\/p>\n<p class=\"p1\"><span class=\"s1\">TERMINACION DEL PROCEDIMIENTO: La mediaci\u00f3n puede terminarse con o sin acuerdo. Tal situaci\u00f3n se reflejar\u00e1 en el acta final de mediaci\u00f3n, que reflejar\u00e1, si ha habido acuerdo, el contenido de los mismos y si no las causas por las cuales se da fin a la mediaci\u00f3n. Tal acta deber\u00e1 estar firmada por todos los integrantes, procedi\u00e9ndose en ese momento a devolver a cada parte los documentos aportados, formando un dossier con los documentos elaborados en la citada mediaci\u00f3n, que deber\u00e1n conservarse seis meses. Y se da copia del acta a cada una de las partes.<\/span><\/p>\n<p class=\"p1\"><span class=\"s1\"> ACUERDO. Este tiene asimismo unos requisitos m\u00ednimos de contenido:<\/span><\/p>\n<p class=\"p1\"><span class=\"s1\"> Identidad de las partes.<\/span><\/p>\n<p class=\"p1\"><span class=\"s1\"><span class=\"Apple-converted-space\">\u00a0 <\/span>Lugar y fecha<\/span><\/p>\n<p class=\"p1\"><span class=\"s1\"><span class=\"Apple-converted-space\">\u00a0 <\/span>Las obligaciones asumidas y acordadas por cada parte.<\/span><\/p>\n<p class=\"p1\"><span class=\"s1\"><span class=\"Apple-converted-space\">\u00a0 <\/span>Identidad del mediador<\/span><\/p>\n<p class=\"p1\"><span class=\"s1\"><span class=\"Apple-converted-space\">\u00a0 <\/span>Firma de los intervinientes<\/span><\/p>\n<p class=\"p1\"><span class=\"s1\">Este acuerdo debe ser redactado por las partes, y se le dar\u00e1 el valor vinculante que se haya acordado. Pudiendo cualquiera de las partes instar en su elevaci\u00f3n a escritura p\u00fablica para darle fuerza ejecutiva.<\/span><\/p>\n<p class=\"p1\"><span class=\"s1\">CARACTER\u00cdSTICAS DE LA MEDIACI\u00d3N<\/span><\/p>\n<p class=\"p1\"><span class=\"s1\">Las principales ventajas de la mediaci\u00f3n son:<\/span><\/p>\n<p class=\"p1\"><span class=\"s1\">1.- Es un PROCEDIMIENTO R\u00c1PIDO sobre todo en comparaci\u00f3n con el procedimiento judicial que suele extenderse m\u00e1s en el tiempo. El procedimiento de mediaci\u00f3n se divide en fases o etapas, pero se trata de un procedimiento flexible en el que el mediador, teniendo en cuenta<span class=\"Apple-converted-space\">\u00a0 <\/span>las partes y el conflicto, en cada caso dividir\u00e1 el procedimiento en las fases que estime adecuadas para lograr que las partes alcancen el acuerdo. Hay que tener en cuenta que el legislador en el art\u00edculo 20 de la Ley, exige que el procedimiento debe ser lo m\u00e1s breve posible y las sesiones ser\u00e1n las m\u00ednimas posibles, dependiendo del tipo de conflicto y su complejidad.<\/span><\/p>\n<p class=\"p1\"><span class=\"s1\">2.- ES M\u00c1S ECON\u00d3MICO ya que los costes se reducen ostensiblemente, teniendo en cuenta que el \u00fanico profesional que intervendr\u00e1 en el procedimiento es el mediador, salvo en supuestos en los que participen otro mediador por la complejidad del asunto u otra causa razonable. A\u00fan as\u00ed sigue siendo m\u00e1s barato que un proceso judicial donde la intervenci\u00f3n de profesionales es mucho mayor. El art\u00edculo 15 de la Ley establece que el coste de la mediaci\u00f3n ser\u00e1 dividido entre las dos partes por igual, es decir, que las dos partes asumen los honorarios del mediador. Es una ventaja teniendo en cuenta que en los procesos judiciales, en materia civil siempre hay una condena en costas que implica que uno de los contendientes va asumir el coste total del procedimiento.<\/span><\/p>\n<p class=\"p1\"><span class=\"s1\">3.-Es m\u00e1s EFICAZ porque son las partes las que de com\u00fan acuerdo alcanzan la soluci\u00f3n del conflicto, pactando entre ellas. Por tanto a la hora de cumplir con lo pactado es mucho m\u00e1s factible que las partes cumplan con un acuerdo que ellas mismas han detallado y formulado a tenor de sus necesidades que conocen mejor que nadie; adem\u00e1s no existe un vencedor y un vencido, sintiendo que han llegado a la resoluci\u00f3n m\u00e1s id\u00f3nea para ambas.<\/span><\/p>\n<p class=\"p1\"><span class=\"s1\">4.- BUSCA LA COOPERACI\u00d3N, La intenci\u00f3n de la mediaci\u00f3n es favorecer la cooperaci\u00f3n, pues busca acercar a las partes, recomponer su relaci\u00f3n y dar soluci\u00f3n al conflicto a trav\u00e9s de la colaboraci\u00f3n y participaci\u00f3n de las partes. Es de car\u00e1cter no adversarial, no se pretende alcanzar una victoria sino encontrar la soluci\u00f3n m\u00e1s factible para todos los implicados.<\/span><\/p>\n<p class=\"p1\"><span class=\"s1\">5.- Tiene EFECTOS A FUTURO, ya que permite la disminuci\u00f3n de litigios, y por tanto la minoraci\u00f3n de la carga de trabajo de los Tribunales de Justicia.<\/span><\/p>\n","protected":false},"excerpt":{"rendered":"<p>LA MEDIACION La mediaci\u00f3n es una manera diferente de resolver nuestros conflictos. \u00bfPor qu\u00e9 es diferente? Porque permite a los protagonistas del conflicto resolver entre ellos mismos sus problemas. \u00bfC\u00f3mo? Con la ayuda de un mediador que sin tomar parte, sin juzgar y de manera objetiva, reconduce la comunicaci\u00f3n para que los participantes puedan volver<\/p>\n<div class=\"bottom-meta\">\n  <a href=\"http:\/\/ili-abogados.es\/index.php\/2018\/07\/17\/mediacion\/\"><span class=\"text-more\">Read More<\/span><\/a><a href=\"#\" class=\"jm-post-like entry-like\" data-post_id=\"2400\" title=\"Like\"><i class=\"fa fa-heart-o icon-unlike \"><\/i><\/a><\/div>\n","protected":false},"author":1,"featured_media":2401,"comment_status":"open","ping_status":"open","sticky":false,"template":"","format":"standard","meta":[],"categories":[156],"tags":[157],"yoast_head":"<!-- This site is optimized with the Yoast SEO plugin v19.6.1 - https:\/\/yoast.com\/wordpress\/plugins\/seo\/ -->\n<title>Mediaci\u00f3n - ILI ABOGADOS<\/title>\n<meta name=\"robots\" content=\"index, follow, max-snippet:-1, max-image-preview:large, max-video-preview:-1\" \/>\n<link rel=\"canonical\" href=\"http:\/\/ili-abogados.es\/index.php\/2018\/07\/17\/mediacion\/\" \/>\n<meta property=\"og:locale\" content=\"es_ES\" \/>\n<meta property=\"og:type\" content=\"article\" \/>\n<meta property=\"og:title\" content=\"Mediaci\u00f3n - ILI ABOGADOS\" \/>\n<meta property=\"og:description\" content=\"LA MEDIACION La mediaci\u00f3n es una manera diferente de resolver nuestros conflictos. \u00bfPor qu\u00e9 es diferente? Porque permite a los protagonistas del conflicto resolver entre ellos mismos sus problemas. \u00bfC\u00f3mo? Con la ayuda de un mediador que sin tomar parte, sin juzgar y de manera objetiva, reconduce la comunicaci\u00f3n para que los participantes puedan volver  Read More\" \/>\n<meta property=\"og:url\" content=\"http:\/\/ili-abogados.es\/index.php\/2018\/07\/17\/mediacion\/\" \/>\n<meta property=\"og:site_name\" content=\"ILI ABOGADOS\" \/>\n<meta property=\"article:published_time\" content=\"2018-07-17T17:32:20+00:00\" \/>\n<meta property=\"og:image\" content=\"http:\/\/ili-abogados.es\/wp-content\/uploads\/2018\/07\/la-mediacio\u0301n.png\" \/>\n\t<meta property=\"og:image:width\" content=\"835\" \/>\n\t<meta property=\"og:image:height\" content=\"557\" \/>\n\t<meta property=\"og:image:type\" content=\"image\/png\" \/>\n<meta name=\"author\" content=\"ili-abogados\" \/>\n<meta name=\"twitter:card\" content=\"summary_large_image\" \/>\n<meta name=\"twitter:label1\" content=\"Escrito por\" \/>\n\t<meta name=\"twitter:data1\" content=\"ili-abogados\" \/>\n\t<meta name=\"twitter:label2\" content=\"Tiempo de lectura\" \/>\n\t<meta name=\"twitter:data2\" content=\"6 minutos\" \/>\n<script type=\"application\/ld+json\" class=\"yoast-schema-graph\">{\"@context\":\"https:\/\/schema.org\",\"@graph\":[{\"@type\":\"WebPage\",\"@id\":\"http:\/\/ili-abogados.es\/index.php\/2018\/07\/17\/mediacion\/\",\"url\":\"http:\/\/ili-abogados.es\/index.php\/2018\/07\/17\/mediacion\/\",\"name\":\"Mediaci\u00f3n - ILI ABOGADOS\",\"isPartOf\":{\"@id\":\"http:\/\/ili-abogados.es\/#website\"},\"datePublished\":\"2018-07-17T17:32:20+00:00\",\"dateModified\":\"2018-07-17T17:32:20+00:00\",\"author\":{\"@id\":\"http:\/\/ili-abogados.es\/#\/schema\/person\/d6cd7b51cb79cad7de1b2858669b32ef\"},\"breadcrumb\":{\"@id\":\"http:\/\/ili-abogados.es\/index.php\/2018\/07\/17\/mediacion\/#breadcrumb\"},\"inLanguage\":\"es\",\"potentialAction\":[{\"@type\":\"ReadAction\",\"target\":[\"http:\/\/ili-abogados.es\/index.php\/2018\/07\/17\/mediacion\/\"]}]},{\"@type\":\"BreadcrumbList\",\"@id\":\"http:\/\/ili-abogados.es\/index.php\/2018\/07\/17\/mediacion\/#breadcrumb\",\"itemListElement\":[{\"@type\":\"ListItem\",\"position\":1,\"name\":\"Portada\",\"item\":\"http:\/\/ili-abogados.es\/\"},{\"@type\":\"ListItem\",\"position\":2,\"name\":\"Mediaci\u00f3n\"}]},{\"@type\":\"WebSite\",\"@id\":\"http:\/\/ili-abogados.es\/#website\",\"url\":\"http:\/\/ili-abogados.es\/\",\"name\":\"ILI ABOGADOS\",\"description\":\"Despacho de Abogados Multidisciplinar\",\"potentialAction\":[{\"@type\":\"SearchAction\",\"target\":{\"@type\":\"EntryPoint\",\"urlTemplate\":\"http:\/\/ili-abogados.es\/?s={search_term_string}\"},\"query-input\":\"required name=search_term_string\"}],\"inLanguage\":\"es\"},{\"@type\":\"Person\",\"@id\":\"http:\/\/ili-abogados.es\/#\/schema\/person\/d6cd7b51cb79cad7de1b2858669b32ef\",\"name\":\"ili-abogados\",\"image\":{\"@type\":\"ImageObject\",\"inLanguage\":\"es\",\"@id\":\"http:\/\/ili-abogados.es\/#\/schema\/person\/image\/\",\"url\":\"http:\/\/2.gravatar.com\/avatar\/81400ade2d42538ff68282ca7ee491b8?s=96&d=mm&r=g\",\"contentUrl\":\"http:\/\/2.gravatar.com\/avatar\/81400ade2d42538ff68282ca7ee491b8?s=96&d=mm&r=g\",\"caption\":\"ili-abogados\"},\"url\":\"http:\/\/ili-abogados.es\/index.php\/author\/ili-abogados\/\"}]}<\/script>\n<!-- \/ Yoast SEO plugin. -->","yoast_head_json":{"title":"Mediaci\u00f3n - ILI ABOGADOS","robots":{"index":"index","follow":"follow","max-snippet":"max-snippet:-1","max-image-preview":"max-image-preview:large","max-video-preview":"max-video-preview:-1"},"canonical":"http:\/\/ili-abogados.es\/index.php\/2018\/07\/17\/mediacion\/","og_locale":"es_ES","og_type":"article","og_title":"Mediaci\u00f3n - ILI ABOGADOS","og_description":"LA MEDIACION La mediaci\u00f3n es una manera diferente de resolver nuestros conflictos. \u00bfPor qu\u00e9 es diferente? Porque permite a los protagonistas del conflicto resolver entre ellos mismos sus problemas. \u00bfC\u00f3mo? Con la ayuda de un mediador que sin tomar parte, sin juzgar y de manera objetiva, reconduce la comunicaci\u00f3n para que los participantes puedan volver  Read More","og_url":"http:\/\/ili-abogados.es\/index.php\/2018\/07\/17\/mediacion\/","og_site_name":"ILI ABOGADOS","article_published_time":"2018-07-17T17:32:20+00:00","og_image":[{"width":835,"height":557,"url":"http:\/\/ili-abogados.es\/wp-content\/uploads\/2018\/07\/la-mediacio\u0301n.png","type":"image\/png"}],"author":"ili-abogados","twitter_card":"summary_large_image","twitter_misc":{"Escrito por":"ili-abogados","Tiempo de lectura":"6 minutos"},"schema":{"@context":"https:\/\/schema.org","@graph":[{"@type":"WebPage","@id":"http:\/\/ili-abogados.es\/index.php\/2018\/07\/17\/mediacion\/","url":"http:\/\/ili-abogados.es\/index.php\/2018\/07\/17\/mediacion\/","name":"Mediaci\u00f3n - ILI ABOGADOS","isPartOf":{"@id":"http:\/\/ili-abogados.es\/#website"},"datePublished":"2018-07-17T17:32:20+00:00","dateModified":"2018-07-17T17:32:20+00:00","author":{"@id":"http:\/\/ili-abogados.es\/#\/schema\/person\/d6cd7b51cb79cad7de1b2858669b32ef"},"breadcrumb":{"@id":"http:\/\/ili-abogados.es\/index.php\/2018\/07\/17\/mediacion\/#breadcrumb"},"inLanguage":"es","potentialAction":[{"@type":"ReadAction","target":["http:\/\/ili-abogados.es\/index.php\/2018\/07\/17\/mediacion\/"]}]},{"@type":"BreadcrumbList","@id":"http:\/\/ili-abogados.es\/index.php\/2018\/07\/17\/mediacion\/#breadcrumb","itemListElement":[{"@type":"ListItem","position":1,"name":"Portada","item":"http:\/\/ili-abogados.es\/"},{"@type":"ListItem","position":2,"name":"Mediaci\u00f3n"}]},{"@type":"WebSite","@id":"http:\/\/ili-abogados.es\/#website","url":"http:\/\/ili-abogados.es\/","name":"ILI ABOGADOS","description":"Despacho de Abogados Multidisciplinar","potentialAction":[{"@type":"SearchAction","target":{"@type":"EntryPoint","urlTemplate":"http:\/\/ili-abogados.es\/?s={search_term_string}"},"query-input":"required name=search_term_string"}],"inLanguage":"es"},{"@type":"Person","@id":"http:\/\/ili-abogados.es\/#\/schema\/person\/d6cd7b51cb79cad7de1b2858669b32ef","name":"ili-abogados","image":{"@type":"ImageObject","inLanguage":"es","@id":"http:\/\/ili-abogados.es\/#\/schema\/person\/image\/","url":"http:\/\/2.gravatar.com\/avatar\/81400ade2d42538ff68282ca7ee491b8?s=96&d=mm&r=g","contentUrl":"http:\/\/2.gravatar.com\/avatar\/81400ade2d42538ff68282ca7ee491b8?s=96&d=mm&r=g","caption":"ili-abogados"},"url":"http:\/\/ili-abogados.es\/index.php\/author\/ili-abogados\/"}]}},"_links":{"self":[{"href":"http:\/\/ili-abogados.es\/index.php\/wp-json\/wp\/v2\/posts\/2400"}],"collection":[{"href":"http:\/\/ili-abogados.es\/index.php\/wp-json\/wp\/v2\/posts"}],"about":[{"href":"http:\/\/ili-abogados.es\/index.php\/wp-json\/wp\/v2\/types\/post"}],"author":[{"embeddable":true,"href":"http:\/\/ili-abogados.es\/index.php\/wp-json\/wp\/v2\/users\/1"}],"replies":[{"embeddable":true,"href":"http:\/\/ili-abogados.es\/index.php\/wp-json\/wp\/v2\/comments?post=2400"}],"version-history":[{"count":2,"href":"http:\/\/ili-abogados.es\/index.php\/wp-json\/wp\/v2\/posts\/2400\/revisions"}],"predecessor-version":[{"id":2403,"href":"http:\/\/ili-abogados.es\/index.php\/wp-json\/wp\/v2\/posts\/2400\/revisions\/2403"}],"wp:featuredmedia":[{"embeddable":true,"href":"http:\/\/ili-abogados.es\/index.php\/wp-json\/wp\/v2\/media\/2401"}],"wp:attachment":[{"href":"http:\/\/ili-abogados.es\/index.php\/wp-json\/wp\/v2\/media?parent=2400"}],"wp:term":[{"taxonomy":"category","embeddable":true,"href":"http:\/\/ili-abogados.es\/index.php\/wp-json\/wp\/v2\/categories?post=2400"},{"taxonomy":"post_tag","embeddable":true,"href":"http:\/\/ili-abogados.es\/index.php\/wp-json\/wp\/v2\/tags?post=2400"}],"curies":[{"name":"wp","href":"https:\/\/api.w.org\/{rel}","templated":true}]}}