{"id":2404,"date":"2018-07-17T17:36:41","date_gmt":"2018-07-17T17:36:41","guid":{"rendered":"http:\/\/ili-abogados.es\/?p=2404"},"modified":"2018-09-17T17:48:08","modified_gmt":"2018-09-17T17:48:08","slug":"mala-praxis-de-los-abogados-del-turno","status":"publish","type":"post","link":"http:\/\/ili-abogados.es\/index.php\/2018\/07\/17\/mala-praxis-de-los-abogados-del-turno\/","title":{"rendered":"Mala pr\u00e1xis de los Abogados del turno"},"content":{"rendered":"<p class=\"p1\"><span class=\"s1\">\u00bfPor qu\u00e9 los abogados del turno de oficio, tienen tan mala fama?<\/span><\/p>\n<p class=\"p1\"><span class=\"s1\">\u00bfPor qu\u00e9 la gente piensa que porque no les paga, no se van a preocupar de su problema?.<\/span><\/p>\n<p class=\"p1\"><span class=\"s1\">\u00bfQuiz\u00e1s esta propia \u00abmala fama\u00bb nos la creemos nosotros mismos?<\/span><\/p>\n<p class=\"p1\"><span class=\"s1\">Hoy me ha comentado, una persona de m\u00e1xima confianza, que al parecer, los abogados designados del turno de oficio en Madrid, no trabajan salvo que reciban un emolumento o donativo por parte de sus clientes (beneficiarios del derecho a Asistencia Jur\u00eddica Gratuita), sin perjuicio de la cantidad, que aunque peque\u00f1a, reciban de la administraci\u00f3n P\u00fablica.<\/span><\/p>\n<p class=\"p1\"><span class=\"s1\">\u00bfEs esto posible? Pues al parecer, presuntamente s\u00ed. Y adem\u00e1s es pr\u00e1ctica conocida y asumida por los justiciables de Madrid.<\/span><\/p>\n<p class=\"p1\"><span class=\"s1\">Ante esta alarmante noticia, o ll\u00e1mese rumor, aunque tengo pruebas de que es as\u00ed. \u00bfC\u00f3mo vamos a tener buena fama? S\u00ed nosotros mismos, hacemos ver a nuestros clientes del turno, que sus asuntos, no nos son rentables&#8230; y que si no hay una \u00abpeque\u00f1a\u00bb aportaci\u00f3n \u00abvoluntaria\u00bb, nos va a ser imposible, dedicarle tiempo.<\/span><\/p>\n<p class=\"p1\"><span class=\"s1\">REALMENTE, ME DA VERG\u00dcENZA QUE SE ENSUCIE TANTO NUESTRA PROFESI\u00d3N, POR LOS PROPIOS ABOGADOS, Y SOBRE TODO, UNA FUNCI\u00d3N TAN IMPORTANTE COMO ES EL TURNO DE OFICIO.<\/span><\/p>\n<p class=\"p1\"><span class=\"s1\">Que quede claro, esta actuaci\u00f3n, si se os presenta es denunciable ante el Colegio de Abogados. Ya que, el abogado, que se encuentra, voluntariamente, apuntado en las listas del turno de oficio. Recibe de la administraci\u00f3n p\u00fablica el pago de sus honorarios, siempre y cuando la persona a la que defienda, haya solicitado justicia gratuita y cumpla los requisitos para recibirla.<\/span><\/p>\n<p class=\"p1\"><span class=\"s1\">Cosa bien distinta, es si una vez prestado este servicio, el cliente atendido, tiene ingresos que superen los fijados por la ley (a los que hice referencia en mi anterior articulo), Y por tanto, y como todo hijo de vecino, tendr\u00e1 que pagar al abogado. Pero no y nunca si se le ha designado aleatoriamente por el Colegio, Y cumple los requisitos para obtenerlo.<\/span><\/p>\n<p class=\"p1\"><span class=\"s1\">\u00bfEs posible tener que pagar al abogado del turno? solo y exclusivamente en dos ocasiones:<\/span><\/p>\n<p class=\"p1\"><span class=\"s1\">&#8211; Cuando no cumples los requisitos para tener derecho a justicia gratuita.<\/span><\/p>\n<p class=\"p1\"><span class=\"s1\">&#8211; Y si lo designas tu particularmente, aun teniendo beneficios de justicia.<\/span><\/p>\n<p class=\"p1\"><span class=\"s1\">Ya que en estos dos supuestos, no cobra cantidad alguna de la administraci\u00f3n.<\/span><\/p>\n<p class=\"p1\"><span class=\"s1\">\u00bfSe preocupa el abogado del turno de los asuntos designados?<\/span><\/p>\n<p class=\"p1\"><span class=\"s1\">Si su praxis es correcta, y es un buen abogado, se preocupar\u00e1 igual que de sus clientes particulares, ya que esa funci\u00f3n la cumple por voluntad propia. o al menos as\u00ed lo hago yo, y la mayor\u00eda de mis compa\u00f1eros, salvando las excepciones que nos hacen sacar los colores a todos.<\/span><\/p>\n<p class=\"p1\"><span class=\"s1\">Por favor, si os encontr\u00e1is con esta situaci\u00f3n de mala praxis (por no decir jeta) denunciarlo<span class=\"Apple-converted-space\">\u00a0 <\/span>y no lo permit\u00e1is.<\/span><\/p>\n","protected":false},"excerpt":{"rendered":"<p>\u00bfPor qu\u00e9 los abogados del turno de oficio, tienen tan mala fama? \u00bfPor qu\u00e9 la gente piensa que porque no les paga, no se van a preocupar de su problema?. \u00bfQuiz\u00e1s esta propia \u00abmala fama\u00bb nos la creemos nosotros mismos? Hoy me ha comentado, una persona de m\u00e1xima confianza, que al parecer, los abogados designados<\/p>\n<div class=\"bottom-meta\">\n  <a href=\"http:\/\/ili-abogados.es\/index.php\/2018\/07\/17\/mala-praxis-de-los-abogados-del-turno\/\"><span class=\"text-more\">Read More<\/span><\/a><a href=\"#\" class=\"jm-post-like entry-like\" data-post_id=\"2404\" title=\"Like\"><i class=\"fa fa-heart-o icon-unlike \"><\/i><\/a><\/div>\n","protected":false},"author":1,"featured_media":2405,"comment_status":"open","ping_status":"open","sticky":false,"template":"","format":"standard","meta":[],"categories":[159,158],"tags":[160,148,161,149],"yoast_head":"<!-- This site is optimized with the Yoast SEO plugin v19.6.1 - https:\/\/yoast.com\/wordpress\/plugins\/seo\/ -->\n<title>Mala pr\u00e1xis de los Abogados del turno - ILI ABOGADOS<\/title>\n<meta name=\"robots\" content=\"index, follow, max-snippet:-1, max-image-preview:large, max-video-preview:-1\" \/>\n<link rel=\"canonical\" href=\"http:\/\/ili-abogados.es\/index.php\/2018\/07\/17\/mala-praxis-de-los-abogados-del-turno\/\" \/>\n<meta property=\"og:locale\" content=\"es_ES\" \/>\n<meta property=\"og:type\" content=\"article\" \/>\n<meta property=\"og:title\" content=\"Mala pr\u00e1xis de los Abogados del turno - ILI ABOGADOS\" \/>\n<meta property=\"og:description\" content=\"\u00bfPor qu\u00e9 los abogados del turno de oficio, tienen tan mala fama? \u00bfPor qu\u00e9 la gente piensa que porque no les paga, no se van a preocupar de su problema?. \u00bfQuiz\u00e1s esta propia \u00abmala fama\u00bb nos la creemos nosotros mismos? Hoy me ha comentado, una persona de m\u00e1xima confianza, que al parecer, los abogados designados  Read More\" \/>\n<meta property=\"og:url\" content=\"http:\/\/ili-abogados.es\/index.php\/2018\/07\/17\/mala-praxis-de-los-abogados-del-turno\/\" \/>\n<meta property=\"og:site_name\" content=\"ILI ABOGADOS\" \/>\n<meta property=\"article:published_time\" content=\"2018-07-17T17:36:41+00:00\" \/>\n<meta property=\"article:modified_time\" content=\"2018-09-17T17:48:08+00:00\" \/>\n<meta property=\"og:image\" content=\"http:\/\/ili-abogados.es\/wp-content\/uploads\/2018\/07\/Mala-praxis-poli\u0301tica.png\" \/>\n\t<meta property=\"og:image:width\" content=\"1200\" \/>\n\t<meta property=\"og:image:height\" content=\"800\" \/>\n\t<meta property=\"og:image:type\" content=\"image\/png\" \/>\n<meta name=\"author\" content=\"ili-abogados\" \/>\n<meta name=\"twitter:card\" content=\"summary_large_image\" \/>\n<meta name=\"twitter:label1\" content=\"Escrito por\" \/>\n\t<meta name=\"twitter:data1\" content=\"ili-abogados\" \/>\n\t<meta name=\"twitter:label2\" content=\"Tiempo de lectura\" \/>\n\t<meta name=\"twitter:data2\" content=\"2 minutos\" \/>\n<script type=\"application\/ld+json\" class=\"yoast-schema-graph\">{\"@context\":\"https:\/\/schema.org\",\"@graph\":[{\"@type\":\"WebPage\",\"@id\":\"http:\/\/ili-abogados.es\/index.php\/2018\/07\/17\/mala-praxis-de-los-abogados-del-turno\/\",\"url\":\"http:\/\/ili-abogados.es\/index.php\/2018\/07\/17\/mala-praxis-de-los-abogados-del-turno\/\",\"name\":\"Mala pr\u00e1xis de los Abogados del turno - ILI ABOGADOS\",\"isPartOf\":{\"@id\":\"http:\/\/ili-abogados.es\/#website\"},\"datePublished\":\"2018-07-17T17:36:41+00:00\",\"dateModified\":\"2018-09-17T17:48:08+00:00\",\"author\":{\"@id\":\"http:\/\/ili-abogados.es\/#\/schema\/person\/d6cd7b51cb79cad7de1b2858669b32ef\"},\"breadcrumb\":{\"@id\":\"http:\/\/ili-abogados.es\/index.php\/2018\/07\/17\/mala-praxis-de-los-abogados-del-turno\/#breadcrumb\"},\"inLanguage\":\"es\",\"potentialAction\":[{\"@type\":\"ReadAction\",\"target\":[\"http:\/\/ili-abogados.es\/index.php\/2018\/07\/17\/mala-praxis-de-los-abogados-del-turno\/\"]}]},{\"@type\":\"BreadcrumbList\",\"@id\":\"http:\/\/ili-abogados.es\/index.php\/2018\/07\/17\/mala-praxis-de-los-abogados-del-turno\/#breadcrumb\",\"itemListElement\":[{\"@type\":\"ListItem\",\"position\":1,\"name\":\"Portada\",\"item\":\"http:\/\/ili-abogados.es\/\"},{\"@type\":\"ListItem\",\"position\":2,\"name\":\"Mala pr\u00e1xis de los Abogados del turno\"}]},{\"@type\":\"WebSite\",\"@id\":\"http:\/\/ili-abogados.es\/#website\",\"url\":\"http:\/\/ili-abogados.es\/\",\"name\":\"ILI ABOGADOS\",\"description\":\"Despacho de Abogados Multidisciplinar\",\"potentialAction\":[{\"@type\":\"SearchAction\",\"target\":{\"@type\":\"EntryPoint\",\"urlTemplate\":\"http:\/\/ili-abogados.es\/?s={search_term_string}\"},\"query-input\":\"required name=search_term_string\"}],\"inLanguage\":\"es\"},{\"@type\":\"Person\",\"@id\":\"http:\/\/ili-abogados.es\/#\/schema\/person\/d6cd7b51cb79cad7de1b2858669b32ef\",\"name\":\"ili-abogados\",\"image\":{\"@type\":\"ImageObject\",\"inLanguage\":\"es\",\"@id\":\"http:\/\/ili-abogados.es\/#\/schema\/person\/image\/\",\"url\":\"http:\/\/2.gravatar.com\/avatar\/81400ade2d42538ff68282ca7ee491b8?s=96&d=mm&r=g\",\"contentUrl\":\"http:\/\/2.gravatar.com\/avatar\/81400ade2d42538ff68282ca7ee491b8?s=96&d=mm&r=g\",\"caption\":\"ili-abogados\"},\"url\":\"http:\/\/ili-abogados.es\/index.php\/author\/ili-abogados\/\"}]}<\/script>\n<!-- \/ Yoast SEO plugin. -->","yoast_head_json":{"title":"Mala pr\u00e1xis de los Abogados del turno - ILI ABOGADOS","robots":{"index":"index","follow":"follow","max-snippet":"max-snippet:-1","max-image-preview":"max-image-preview:large","max-video-preview":"max-video-preview:-1"},"canonical":"http:\/\/ili-abogados.es\/index.php\/2018\/07\/17\/mala-praxis-de-los-abogados-del-turno\/","og_locale":"es_ES","og_type":"article","og_title":"Mala pr\u00e1xis de los Abogados del turno - ILI ABOGADOS","og_description":"\u00bfPor qu\u00e9 los abogados del turno de oficio, tienen tan mala fama? \u00bfPor qu\u00e9 la gente piensa que porque no les paga, no se van a preocupar de su problema?. \u00bfQuiz\u00e1s esta propia \u00abmala fama\u00bb nos la creemos nosotros mismos? Hoy me ha comentado, una persona de m\u00e1xima confianza, que al parecer, los abogados designados  Read More","og_url":"http:\/\/ili-abogados.es\/index.php\/2018\/07\/17\/mala-praxis-de-los-abogados-del-turno\/","og_site_name":"ILI ABOGADOS","article_published_time":"2018-07-17T17:36:41+00:00","article_modified_time":"2018-09-17T17:48:08+00:00","og_image":[{"width":1200,"height":800,"url":"http:\/\/ili-abogados.es\/wp-content\/uploads\/2018\/07\/Mala-praxis-poli\u0301tica.png","type":"image\/png"}],"author":"ili-abogados","twitter_card":"summary_large_image","twitter_misc":{"Escrito por":"ili-abogados","Tiempo de lectura":"2 minutos"},"schema":{"@context":"https:\/\/schema.org","@graph":[{"@type":"WebPage","@id":"http:\/\/ili-abogados.es\/index.php\/2018\/07\/17\/mala-praxis-de-los-abogados-del-turno\/","url":"http:\/\/ili-abogados.es\/index.php\/2018\/07\/17\/mala-praxis-de-los-abogados-del-turno\/","name":"Mala pr\u00e1xis de los Abogados del turno - ILI ABOGADOS","isPartOf":{"@id":"http:\/\/ili-abogados.es\/#website"},"datePublished":"2018-07-17T17:36:41+00:00","dateModified":"2018-09-17T17:48:08+00:00","author":{"@id":"http:\/\/ili-abogados.es\/#\/schema\/person\/d6cd7b51cb79cad7de1b2858669b32ef"},"breadcrumb":{"@id":"http:\/\/ili-abogados.es\/index.php\/2018\/07\/17\/mala-praxis-de-los-abogados-del-turno\/#breadcrumb"},"inLanguage":"es","potentialAction":[{"@type":"ReadAction","target":["http:\/\/ili-abogados.es\/index.php\/2018\/07\/17\/mala-praxis-de-los-abogados-del-turno\/"]}]},{"@type":"BreadcrumbList","@id":"http:\/\/ili-abogados.es\/index.php\/2018\/07\/17\/mala-praxis-de-los-abogados-del-turno\/#breadcrumb","itemListElement":[{"@type":"ListItem","position":1,"name":"Portada","item":"http:\/\/ili-abogados.es\/"},{"@type":"ListItem","position":2,"name":"Mala pr\u00e1xis de los Abogados del turno"}]},{"@type":"WebSite","@id":"http:\/\/ili-abogados.es\/#website","url":"http:\/\/ili-abogados.es\/","name":"ILI ABOGADOS","description":"Despacho de Abogados Multidisciplinar","potentialAction":[{"@type":"SearchAction","target":{"@type":"EntryPoint","urlTemplate":"http:\/\/ili-abogados.es\/?s={search_term_string}"},"query-input":"required name=search_term_string"}],"inLanguage":"es"},{"@type":"Person","@id":"http:\/\/ili-abogados.es\/#\/schema\/person\/d6cd7b51cb79cad7de1b2858669b32ef","name":"ili-abogados","image":{"@type":"ImageObject","inLanguage":"es","@id":"http:\/\/ili-abogados.es\/#\/schema\/person\/image\/","url":"http:\/\/2.gravatar.com\/avatar\/81400ade2d42538ff68282ca7ee491b8?s=96&d=mm&r=g","contentUrl":"http:\/\/2.gravatar.com\/avatar\/81400ade2d42538ff68282ca7ee491b8?s=96&d=mm&r=g","caption":"ili-abogados"},"url":"http:\/\/ili-abogados.es\/index.php\/author\/ili-abogados\/"}]}},"_links":{"self":[{"href":"http:\/\/ili-abogados.es\/index.php\/wp-json\/wp\/v2\/posts\/2404"}],"collection":[{"href":"http:\/\/ili-abogados.es\/index.php\/wp-json\/wp\/v2\/posts"}],"about":[{"href":"http:\/\/ili-abogados.es\/index.php\/wp-json\/wp\/v2\/types\/post"}],"author":[{"embeddable":true,"href":"http:\/\/ili-abogados.es\/index.php\/wp-json\/wp\/v2\/users\/1"}],"replies":[{"embeddable":true,"href":"http:\/\/ili-abogados.es\/index.php\/wp-json\/wp\/v2\/comments?post=2404"}],"version-history":[{"count":3,"href":"http:\/\/ili-abogados.es\/index.php\/wp-json\/wp\/v2\/posts\/2404\/revisions"}],"predecessor-version":[{"id":2486,"href":"http:\/\/ili-abogados.es\/index.php\/wp-json\/wp\/v2\/posts\/2404\/revisions\/2486"}],"wp:featuredmedia":[{"embeddable":true,"href":"http:\/\/ili-abogados.es\/index.php\/wp-json\/wp\/v2\/media\/2405"}],"wp:attachment":[{"href":"http:\/\/ili-abogados.es\/index.php\/wp-json\/wp\/v2\/media?parent=2404"}],"wp:term":[{"taxonomy":"category","embeddable":true,"href":"http:\/\/ili-abogados.es\/index.php\/wp-json\/wp\/v2\/categories?post=2404"},{"taxonomy":"post_tag","embeddable":true,"href":"http:\/\/ili-abogados.es\/index.php\/wp-json\/wp\/v2\/tags?post=2404"}],"curies":[{"name":"wp","href":"https:\/\/api.w.org\/{rel}","templated":true}]}}