{"id":2502,"date":"2020-03-19T14:46:40","date_gmt":"2020-03-19T14:46:40","guid":{"rendered":"http:\/\/ili-abogados.es\/?p=2502"},"modified":"2020-03-19T14:46:40","modified_gmt":"2020-03-19T14:46:40","slug":"estado-alarma-medidas-personales-y-economicas","status":"publish","type":"post","link":"http:\/\/ili-abogados.es\/index.php\/2020\/03\/19\/estado-alarma-medidas-personales-y-economicas\/","title":{"rendered":"ESTADO ALARMA, MEDIDAS PERSONALES Y ECONOMICAS"},"content":{"rendered":"<p>Aqu\u00ed estoy cumpliendo uno de mis prop\u00f3sitos del 2020, y no imagine, que me iba a ser tan sencillo \u201csacar tiempo\u201d para ponerme delante del ordenador a contar cosas de inter\u00e9s\u2026 y que mejor que comentar las medidas econ\u00f3micas que el Gobierno est\u00e1 aprobando, con esta situaci\u00f3n creada por el COVID.19.<\/p>\n<p>&nbsp;<\/p>\n<p>Aqu\u00ed desde \u201cel despacho casero\u201d, y cumpliendo las medidas de contenci\u00f3n\u2026 echemos un vistazo al RD463\/2020 y al RD 8\/2020:<\/p>\n<p>&nbsp;<\/p>\n<p>Por el RD 463\/2020 se ha declarado el ESTADO DE ALARMA en todo el territorio nacional, por un tiempo inicial de 15 d\u00edas, prorrogables. (que lo ser\u00e1n), afectando dicho estado a la libertad de circulaci\u00f3n de las personas (\u201cQUEDATE EN CASA\u201d), s\u00f3lo permitiendo las salidas para:<\/p>\n<ol>\n<li>a) Adquisici\u00f3n de alimentos, productos farmac\u00e9uticos y de primera necesidad.<\/li>\n<li>b) Asistencia a centros, servicios y establecimientos sanitarios.<\/li>\n<li>c) Desplazamiento al lugar de trabajo para efectuar su prestaci\u00f3n laboral, profesional o empresarial. \u201ccon autorizaci\u00f3n\u201d<\/li>\n<li>d) Retorno al lugar de residencia habitual.<\/li>\n<li>e) Asistencia y cuidado a mayores, menores, dependientes, personas con discapacidad o personas especialmente vulnerables.<\/li>\n<li>f) Desplazamiento a entidades financieras y de seguros.<\/li>\n<li>g) Por causa de fuerza mayor o situaci\u00f3n de necesidad.<\/li>\n<li>h) Cualquier otra actividad de an\u00e1loga naturaleza que habr\u00e1 de hacerse individualmente, salvo que se acompa\u00f1e a personas con discapacidad, menores, o por otra causa justificada.<\/li>\n<\/ol>\n<p>&nbsp;<\/p>\n<p>Recordamos que las salidas deben ser individuales, y limitadas en el tiempo a lo estrictamente necesario.<\/p>\n<p>&nbsp;<\/p>\n<p>Dicho Estado de Alarma tambi\u00e9n ha afectado al funcionamiento normal de los centros educativos, comercios, empresas y todo servicio que no sea de primera necesidad. Teniendo solo permiso de apertura los siguientes:<\/p>\n<p><em>establecimientos comerciales minoristas de alimentaci\u00f3n, bebidas, productos y bienes de primera necesidad, establecimientos farmac\u00e9uticos, m\u00e9dicos, \u00f3pticas y productos ortop\u00e9dicos, productos higi\u00e9nicos, peluquer\u00edas, prensa y papeler\u00eda, combustible para la automoci\u00f3n, estancos, equipos tecnol\u00f3gicos y de telecomunicaciones, alimentos para animales de compa\u00f1\u00eda, veterinarios, comercio por internet, telef\u00f3nico o correspondencia, tintorer\u00edas y lavander\u00edas. <\/em><\/p>\n<p>Ya son conocidas las precisiones sobre peluquer\u00edas y dem\u00e1s\u2026 que nos est\u00e1n recordando cada momento. Seamos emp\u00e1ticos, en que la regulaci\u00f3n de esta situaci\u00f3n es nueva para todos\u2026<\/p>\n<p>&nbsp;<\/p>\n<p>Me paro en un punto del Decreto, que a mi me toca especialmente, que es <strong>\u201c\u00bfQu\u00e9 pasa con la Administraci\u00f3n de Justicia y sus aleda\u00f1os?\u201d<\/strong> \u2026 pues en dos palabras o unas pocas m\u00e1s\u2026 <strong>QUEDAN SUSPENDIDOS TODOS LOS ACTOS PROCESALES QUE NO SEAN URGENTES, SUSPENDIENDO ASI MISMO TODOS LOS PLAZOS PROCESALES<\/strong>.<\/p>\n<p>Aqu\u00ed podr\u00eda alargarme, pero en concreto los juzgados que siguen con una actividad \u201cnormal\u201d son los juzgados de guardia, los juzgados especializados en Violencia de Genero, los juzgados de vigilancia penitenciaria, los juzgados de instrucci\u00f3n y los juzgados de lo penal. Pero atenci\u00f3n, s\u00f3lo para cosas de urgencia. \u2026 que ellos tambi\u00e9n est\u00e1n bajo m\u00ednimos. El resto de los juzgados, tambi\u00e9n siguen, pero para aquello urgente como indica el RD.<\/p>\n<p><em>Disposici\u00f3n adicional segunda. Suspensi\u00f3n de plazos procesales.<\/em><\/p>\n<ol>\n<li><em> Se suspenden t\u00e9rminos y se suspenden e interrumpen los plazos previstos en las leyes procesales para todos los \u00f3rdenes jurisdiccionales. El c\u00f3mputo de los plazos se reanudar\u00e1 en el momento en que pierda vigencia el presente real decreto o, en su caso, las pr\u00f3rrogas del mismo.<\/em><\/li>\n<li><em> En el orden jurisdiccional penal la suspensi\u00f3n e interrupci\u00f3n no se aplicar\u00e1 a los procedimientos de habeas corpus, a las actuaciones encomendadas a los servicios de guardia, a las actuaciones con detenido, a las \u00f3rdenes de protecci\u00f3n, a las actuaciones urgentes en materia de vigilancia penitenciaria y a cualquier medida cautelar en materia de violencia sobre la mujer o menores.<\/em><\/li>\n<\/ol>\n<p><em>Asimismo, en fase de instrucci\u00f3n, el juez o tribunal competente podr\u00e1 acordar la pr\u00e1ctica de aquellas actuaciones que, por su car\u00e1cter urgente, sean inaplazables.<\/em><\/p>\n<ol start=\"3\">\n<li><em> En relaci\u00f3n con el resto de las \u00f3rdenes jurisdiccionales la interrupci\u00f3n a la que se refiere el apartado primero no se aplicar\u00e1 a los siguientes supuestos:<\/em><\/li>\n<li><em>a) El procedimiento para la protecci\u00f3n de los derechos fundamentales de la persona previsto en los art\u00edculos 114 y siguientes de la Ley 29\/1998, de 13 de julio, reguladora de la Jurisdicci\u00f3n Contencioso-administrativa, ni a la tramitaci\u00f3n de las autorizaciones o ratificaciones judiciales previstas en el art\u00edculo 8.6 de la citada ley.<\/em><\/li>\n<li><em>b) Los procedimientos de conflicto colectivo y para la tutela de los derechos fundamentales y libertades p\u00fablicas regulados en la Ley 36\/2011, de 10 de octubre, reguladora de la jurisdicci\u00f3n social.<\/em><\/li>\n<li><em>c) La autorizaci\u00f3n judicial para el internamiento no voluntario por raz\u00f3n de trastorno ps\u00edquico prevista en el art\u00edculo 763 de la Ley 1\/2000, de 7 de enero, de Enjuiciamiento Civil.<\/em><\/li>\n<li><em>d) La adopci\u00f3n de medidas o disposiciones de protecci\u00f3n del menor previstas en el art\u00edculo 158 del C\u00f3digo Civil.<\/em><\/li>\n<li><em> No obstante lo dispuesto en los apartados anteriores, el juez o tribunal podr\u00e1 acordar la pr\u00e1ctica de cualesquiera actuaciones judiciales que sean necesarias para evitar perjuicios irreparables en los derechos e intereses leg\u00edtimos de las partes en el proceso.<\/em><\/li>\n<\/ol>\n<p><em>Y asimismo pasa con los plazos administrativos, se suspenden\u2026 hasta nuevo aviso\u2026<\/em><\/p>\n<p>&nbsp;<\/p>\n<p>Y que hay de las medidas econ\u00f3micas&#8230; del RD 8\/2020\u2026 pues ah\u00ed va un resumen, no extenso, pero si aclaratorio, dentro de lo que podemos, y esperando el resto de las medidas que ir\u00e1n saliendo:<\/p>\n<p>&nbsp;<\/p>\n<p>1.- DERECHO ADAPTACI\u00d3N HORARIO Y JORNADA. Para todos aquellos trabajadores que acrediten deberes de cuidado de personas a cargo, o riesgo grave de su salud por patolog\u00edas anteriores.<\/p>\n<p>&nbsp;<\/p>\n<p>2.- MORATORIA DE DEUDA HIPOTECARIA PARA ADQUISICION DE VIVIENDA:<\/p>\n<ul>\n<li>\u00bfQui\u00e9n?, personas con especial vulnerabilidad (desempleados afectados por el covid, empresarios y aut\u00f3nomos, que hayan vistos mermados sus ingresos)<\/li>\n<li>\u00bfCu\u00e1ndo? Cuando sus ingresos (en el mes anterior) no superen los valores del IPREM marcados seg\u00fan la unidad familiar. O cuando la cuota hipotecaria y gastos y suministros b\u00e1sicos superen m\u00e1s del 35% de sus ingresos.<\/li>\n<li>\u00bfD\u00f3nde? Ante la entidad bancaria. Que tendr\u00e1 que resolver en 15 d\u00edas.<\/li>\n<\/ul>\n<p>&nbsp;<\/p>\n<p>3.- PRESTACION DE CESE DE ACTIVIDAD PARA AUTONOMOS.<\/p>\n<ul>\n<li>\u00bfQui\u00e9n? Los aut\u00f3nomos que vean suspendida su actividad, o cuando su facturaci\u00f3n se vea reducida en un 75% en relaci\u00f3n con el promedio de facturaci\u00f3n del semestre anterior.<\/li>\n<li>\u00bfCu\u00e1ndo y d\u00f3nde? Todav\u00eda no se ha desarrollado el modo, de solicitud.<\/li>\n<li>\u00bfCu\u00e1nto? La prestaci\u00f3n ascender\u00e1 al 70% de la base de regulaci\u00f3n. EJ: la base m\u00ednima de cotizaci\u00f3n le corresponde una prestaci\u00f3n de 661,08\u20ac<\/li>\n<li>\u00bfrequisitos? Para poder cobrar la prestaci\u00f3n adem\u00e1s de encontrarte en la situaci\u00f3n subjetiva, tienes que estar al corriente de pago del RETA.<\/li>\n<\/ul>\n<p>&nbsp;<\/p>\n<p>4.- REGULACI\u00d3N DE LOS ERTES. o expediente de regulaci\u00f3n de empleo temporal por causas t\u00e9cnicas, econ\u00f3micas organizativas o c\u00f3mo la que estamos viviendo en estos momentos.<\/p>\n<p>Su regulaci\u00f3n varia a la que hasta el momento ten\u00edan, pues era un mecanismo ya existente. Pero se han cambiado las reglas\u2026 en qu\u00e9 sentido:<\/p>\n<ul>\n<li>La comisi\u00f3n representativa de los trabajadores en el ERTE suele ser realizada por los representantes de los trabajadores, en caso de no existir se realizar\u00e1 por los sindicatos m\u00e1s representativos, y si no fuera posible por tres trabajadores de la empresa. Dicha comisi\u00f3n debe de crearse en el plazo de 5 d\u00edas desde que se anuncia el ERTE.<\/li>\n<li>Las consultas entre la comisi\u00f3n y la empresa no pueden excederse en m\u00e1s de 7 d\u00edas.<\/li>\n<li>Y se deber\u00e1 emitir el informe para la Inspecci\u00f3n de Trabajo en un plazo tambi\u00e9n de 7 d\u00edas.<\/li>\n<\/ul>\n<p>Una vez aplicado el ERTE:<\/p>\n<ul>\n<li>La empresa tendr\u00e1 exenci\u00f3n en el pago de las cotizaciones de Seguridad Social de sus trabajadores incluidos (en empresas de menos de 50 trabajadores), o una reducci\u00f3n del 25% de las cotizaciones en empresas de m\u00e1s de 50 trabajadores. Pero esto no afectara a las cotizaciones efectivas del trabajador.<\/li>\n<li>El trabajador afectado tendr\u00e1 un reconocimiento de la prestaci\u00f3n de desempleo inmediato. Esta prestaci\u00f3n ser\u00e1 por cuant\u00eda del 70% de la base de cotizaci\u00f3n que tenga, sin verse afectado por periodos de carencia. Y no afecta a los c\u00f3mputos personales de la prestaci\u00f3n de desempleo general.<\/li>\n<\/ul>\n<p><strong>ATENCI\u00d3N:<\/strong> el momento para solicitar esta prestaci\u00f3n no se ha iniciado, hasta que no finalice el Estado de Alarma. Seguiremos atentos al desarrollo del decreto, y de cuando comienza el plazo.<\/p>\n<p>Asimismo, el RD contempla que estos ERTES extraordinarios, estar\u00e1n sujetos al compromiso de la empresa de mantener el empleo durante el plazo de seis meses, desde la fecha en que se reanuden las actividades.<\/p>\n<p>Todo esto, son pinceladas, pero resume en grandes rasgos lo dicho en el RD. Ya sab\u00e9is que luego hay que estudiar cada caso en concreto, para lo que estamos a vuestra disposici\u00f3n.<\/p>\n<p>&nbsp;<\/p>\n<p>5.- APOYO DE LIQUIDEZ A EMPRESAS Y AUTOMOS.<\/p>\n<p>Se establecen unas l\u00edneas de pr\u00e9stamo ICO y avales del estado para financiaci\u00f3n, pero no se sabe todav\u00eda como va a ser su regulaci\u00f3n. Demos tiempo al tiempo.<\/p>\n<p>Asimismo, se suspenden los plazos de pago de deudas tributarias, que tengan su origen en aplazamientos y fraccionamientos que est\u00e9n en periodo voluntario en el momento de entrada en vigor del RD. Ampli\u00e1ndose el plazo hasta el 30 de abril, \u2026 lo que nos hace pensar, que este estado de alarma se alargar\u00e1\u2026\u2026\u2026.<\/p>\n<p>&nbsp;<\/p>\n<p>Bueno y el RD, dice muchas cosas m\u00e1s, referentes a la CONTRATACION PUBLICA, APOYO A LA INVESTIGACION, NO CADUCIDAD DEL DNI\u2026 ETC\u2026 Que iremos desgranando.<\/p>\n<p>&nbsp;<\/p>\n<p>Espero que os haya ayudado un poco este resumen\u2026 desde casa\u2026 un saludo, y \u00e1nimo.<\/p>\n","protected":false},"excerpt":{"rendered":"<p>Aqu\u00ed estoy cumpliendo uno de mis prop\u00f3sitos del 2020, y no imagine, que me iba a ser tan sencillo \u201csacar tiempo\u201d para ponerme delante del ordenador a contar cosas de inter\u00e9s\u2026 y que mejor que comentar las medidas econ\u00f3micas que el Gobierno est\u00e1 aprobando, con esta situaci\u00f3n creada por el COVID.19. &nbsp; Aqu\u00ed desde \u201cel<\/p>\n<div class=\"bottom-meta\">\n  <a href=\"http:\/\/ili-abogados.es\/index.php\/2020\/03\/19\/estado-alarma-medidas-personales-y-economicas\/\"><span class=\"text-more\">Read More<\/span><\/a><a href=\"#\" class=\"jm-post-like entry-like\" data-post_id=\"2502\" title=\"Like\"><i class=\"fa fa-heart-o icon-unlike \"><\/i><\/a><\/div>\n","protected":false},"author":1,"featured_media":0,"comment_status":"closed","ping_status":"closed","sticky":false,"template":"","format":"standard","meta":[],"categories":[159,150],"tags":[],"yoast_head":"<!-- This site is optimized with the Yoast SEO plugin v19.6.1 - https:\/\/yoast.com\/wordpress\/plugins\/seo\/ -->\n<title>ESTADO ALARMA, MEDIDAS PERSONALES Y ECONOMICAS - ILI ABOGADOS<\/title>\n<meta name=\"robots\" content=\"index, follow, max-snippet:-1, max-image-preview:large, max-video-preview:-1\" \/>\n<link rel=\"canonical\" href=\"http:\/\/ili-abogados.es\/index.php\/2020\/03\/19\/estado-alarma-medidas-personales-y-economicas\/\" \/>\n<meta property=\"og:locale\" content=\"es_ES\" \/>\n<meta property=\"og:type\" content=\"article\" \/>\n<meta property=\"og:title\" content=\"ESTADO ALARMA, MEDIDAS PERSONALES Y ECONOMICAS - ILI ABOGADOS\" \/>\n<meta property=\"og:description\" content=\"Aqu\u00ed estoy cumpliendo uno de mis prop\u00f3sitos del 2020, y no imagine, que me iba a ser tan sencillo \u201csacar tiempo\u201d para ponerme delante del ordenador a contar cosas de inter\u00e9s\u2026 y que mejor que comentar las medidas econ\u00f3micas que el Gobierno est\u00e1 aprobando, con esta situaci\u00f3n creada por el COVID.19. &nbsp; Aqu\u00ed desde \u201cel  Read More\" \/>\n<meta property=\"og:url\" content=\"http:\/\/ili-abogados.es\/index.php\/2020\/03\/19\/estado-alarma-medidas-personales-y-economicas\/\" \/>\n<meta property=\"og:site_name\" content=\"ILI ABOGADOS\" \/>\n<meta property=\"article:published_time\" content=\"2020-03-19T14:46:40+00:00\" \/>\n<meta name=\"author\" content=\"ili-abogados\" \/>\n<meta name=\"twitter:card\" content=\"summary_large_image\" \/>\n<meta name=\"twitter:label1\" content=\"Escrito por\" \/>\n\t<meta name=\"twitter:data1\" content=\"ili-abogados\" \/>\n\t<meta name=\"twitter:label2\" content=\"Tiempo de lectura\" \/>\n\t<meta name=\"twitter:data2\" content=\"8 minutos\" \/>\n<script type=\"application\/ld+json\" class=\"yoast-schema-graph\">{\"@context\":\"https:\/\/schema.org\",\"@graph\":[{\"@type\":\"WebPage\",\"@id\":\"http:\/\/ili-abogados.es\/index.php\/2020\/03\/19\/estado-alarma-medidas-personales-y-economicas\/\",\"url\":\"http:\/\/ili-abogados.es\/index.php\/2020\/03\/19\/estado-alarma-medidas-personales-y-economicas\/\",\"name\":\"ESTADO ALARMA, MEDIDAS PERSONALES Y ECONOMICAS - ILI ABOGADOS\",\"isPartOf\":{\"@id\":\"http:\/\/ili-abogados.es\/#website\"},\"datePublished\":\"2020-03-19T14:46:40+00:00\",\"dateModified\":\"2020-03-19T14:46:40+00:00\",\"author\":{\"@id\":\"http:\/\/ili-abogados.es\/#\/schema\/person\/d6cd7b51cb79cad7de1b2858669b32ef\"},\"breadcrumb\":{\"@id\":\"http:\/\/ili-abogados.es\/index.php\/2020\/03\/19\/estado-alarma-medidas-personales-y-economicas\/#breadcrumb\"},\"inLanguage\":\"es\",\"potentialAction\":[{\"@type\":\"ReadAction\",\"target\":[\"http:\/\/ili-abogados.es\/index.php\/2020\/03\/19\/estado-alarma-medidas-personales-y-economicas\/\"]}]},{\"@type\":\"BreadcrumbList\",\"@id\":\"http:\/\/ili-abogados.es\/index.php\/2020\/03\/19\/estado-alarma-medidas-personales-y-economicas\/#breadcrumb\",\"itemListElement\":[{\"@type\":\"ListItem\",\"position\":1,\"name\":\"Portada\",\"item\":\"http:\/\/ili-abogados.es\/\"},{\"@type\":\"ListItem\",\"position\":2,\"name\":\"ESTADO ALARMA, MEDIDAS PERSONALES Y ECONOMICAS\"}]},{\"@type\":\"WebSite\",\"@id\":\"http:\/\/ili-abogados.es\/#website\",\"url\":\"http:\/\/ili-abogados.es\/\",\"name\":\"ILI ABOGADOS\",\"description\":\"Despacho de Abogados Multidisciplinar\",\"potentialAction\":[{\"@type\":\"SearchAction\",\"target\":{\"@type\":\"EntryPoint\",\"urlTemplate\":\"http:\/\/ili-abogados.es\/?s={search_term_string}\"},\"query-input\":\"required name=search_term_string\"}],\"inLanguage\":\"es\"},{\"@type\":\"Person\",\"@id\":\"http:\/\/ili-abogados.es\/#\/schema\/person\/d6cd7b51cb79cad7de1b2858669b32ef\",\"name\":\"ili-abogados\",\"image\":{\"@type\":\"ImageObject\",\"inLanguage\":\"es\",\"@id\":\"http:\/\/ili-abogados.es\/#\/schema\/person\/image\/\",\"url\":\"http:\/\/2.gravatar.com\/avatar\/81400ade2d42538ff68282ca7ee491b8?s=96&d=mm&r=g\",\"contentUrl\":\"http:\/\/2.gravatar.com\/avatar\/81400ade2d42538ff68282ca7ee491b8?s=96&d=mm&r=g\",\"caption\":\"ili-abogados\"},\"url\":\"http:\/\/ili-abogados.es\/index.php\/author\/ili-abogados\/\"}]}<\/script>\n<!-- \/ Yoast SEO plugin. -->","yoast_head_json":{"title":"ESTADO ALARMA, MEDIDAS PERSONALES Y ECONOMICAS - ILI ABOGADOS","robots":{"index":"index","follow":"follow","max-snippet":"max-snippet:-1","max-image-preview":"max-image-preview:large","max-video-preview":"max-video-preview:-1"},"canonical":"http:\/\/ili-abogados.es\/index.php\/2020\/03\/19\/estado-alarma-medidas-personales-y-economicas\/","og_locale":"es_ES","og_type":"article","og_title":"ESTADO ALARMA, MEDIDAS PERSONALES Y ECONOMICAS - ILI ABOGADOS","og_description":"Aqu\u00ed estoy cumpliendo uno de mis prop\u00f3sitos del 2020, y no imagine, que me iba a ser tan sencillo \u201csacar tiempo\u201d para ponerme delante del ordenador a contar cosas de inter\u00e9s\u2026 y que mejor que comentar las medidas econ\u00f3micas que el Gobierno est\u00e1 aprobando, con esta situaci\u00f3n creada por el COVID.19. &nbsp; Aqu\u00ed desde \u201cel  Read More","og_url":"http:\/\/ili-abogados.es\/index.php\/2020\/03\/19\/estado-alarma-medidas-personales-y-economicas\/","og_site_name":"ILI ABOGADOS","article_published_time":"2020-03-19T14:46:40+00:00","author":"ili-abogados","twitter_card":"summary_large_image","twitter_misc":{"Escrito por":"ili-abogados","Tiempo de lectura":"8 minutos"},"schema":{"@context":"https:\/\/schema.org","@graph":[{"@type":"WebPage","@id":"http:\/\/ili-abogados.es\/index.php\/2020\/03\/19\/estado-alarma-medidas-personales-y-economicas\/","url":"http:\/\/ili-abogados.es\/index.php\/2020\/03\/19\/estado-alarma-medidas-personales-y-economicas\/","name":"ESTADO ALARMA, MEDIDAS PERSONALES Y ECONOMICAS - ILI ABOGADOS","isPartOf":{"@id":"http:\/\/ili-abogados.es\/#website"},"datePublished":"2020-03-19T14:46:40+00:00","dateModified":"2020-03-19T14:46:40+00:00","author":{"@id":"http:\/\/ili-abogados.es\/#\/schema\/person\/d6cd7b51cb79cad7de1b2858669b32ef"},"breadcrumb":{"@id":"http:\/\/ili-abogados.es\/index.php\/2020\/03\/19\/estado-alarma-medidas-personales-y-economicas\/#breadcrumb"},"inLanguage":"es","potentialAction":[{"@type":"ReadAction","target":["http:\/\/ili-abogados.es\/index.php\/2020\/03\/19\/estado-alarma-medidas-personales-y-economicas\/"]}]},{"@type":"BreadcrumbList","@id":"http:\/\/ili-abogados.es\/index.php\/2020\/03\/19\/estado-alarma-medidas-personales-y-economicas\/#breadcrumb","itemListElement":[{"@type":"ListItem","position":1,"name":"Portada","item":"http:\/\/ili-abogados.es\/"},{"@type":"ListItem","position":2,"name":"ESTADO ALARMA, MEDIDAS PERSONALES Y ECONOMICAS"}]},{"@type":"WebSite","@id":"http:\/\/ili-abogados.es\/#website","url":"http:\/\/ili-abogados.es\/","name":"ILI ABOGADOS","description":"Despacho de Abogados Multidisciplinar","potentialAction":[{"@type":"SearchAction","target":{"@type":"EntryPoint","urlTemplate":"http:\/\/ili-abogados.es\/?s={search_term_string}"},"query-input":"required name=search_term_string"}],"inLanguage":"es"},{"@type":"Person","@id":"http:\/\/ili-abogados.es\/#\/schema\/person\/d6cd7b51cb79cad7de1b2858669b32ef","name":"ili-abogados","image":{"@type":"ImageObject","inLanguage":"es","@id":"http:\/\/ili-abogados.es\/#\/schema\/person\/image\/","url":"http:\/\/2.gravatar.com\/avatar\/81400ade2d42538ff68282ca7ee491b8?s=96&d=mm&r=g","contentUrl":"http:\/\/2.gravatar.com\/avatar\/81400ade2d42538ff68282ca7ee491b8?s=96&d=mm&r=g","caption":"ili-abogados"},"url":"http:\/\/ili-abogados.es\/index.php\/author\/ili-abogados\/"}]}},"_links":{"self":[{"href":"http:\/\/ili-abogados.es\/index.php\/wp-json\/wp\/v2\/posts\/2502"}],"collection":[{"href":"http:\/\/ili-abogados.es\/index.php\/wp-json\/wp\/v2\/posts"}],"about":[{"href":"http:\/\/ili-abogados.es\/index.php\/wp-json\/wp\/v2\/types\/post"}],"author":[{"embeddable":true,"href":"http:\/\/ili-abogados.es\/index.php\/wp-json\/wp\/v2\/users\/1"}],"replies":[{"embeddable":true,"href":"http:\/\/ili-abogados.es\/index.php\/wp-json\/wp\/v2\/comments?post=2502"}],"version-history":[{"count":1,"href":"http:\/\/ili-abogados.es\/index.php\/wp-json\/wp\/v2\/posts\/2502\/revisions"}],"predecessor-version":[{"id":2503,"href":"http:\/\/ili-abogados.es\/index.php\/wp-json\/wp\/v2\/posts\/2502\/revisions\/2503"}],"wp:attachment":[{"href":"http:\/\/ili-abogados.es\/index.php\/wp-json\/wp\/v2\/media?parent=2502"}],"wp:term":[{"taxonomy":"category","embeddable":true,"href":"http:\/\/ili-abogados.es\/index.php\/wp-json\/wp\/v2\/categories?post=2502"},{"taxonomy":"post_tag","embeddable":true,"href":"http:\/\/ili-abogados.es\/index.php\/wp-json\/wp\/v2\/tags?post=2502"}],"curies":[{"name":"wp","href":"https:\/\/api.w.org\/{rel}","templated":true}]}}