{"id":2510,"date":"2020-04-14T07:53:23","date_gmt":"2020-04-14T07:53:23","guid":{"rendered":"http:\/\/ili-abogados.es\/?p=2510"},"modified":"2020-04-14T07:53:23","modified_gmt":"2020-04-14T07:53:23","slug":"concesion-directa-de-ayudas-urgentes-a-las-personas-trabajadoras-por-cuenta-propia-o-autonomas-del-principado-de-asturias","status":"publish","type":"post","link":"http:\/\/ili-abogados.es\/index.php\/2020\/04\/14\/concesion-directa-de-ayudas-urgentes-a-las-personas-trabajadoras-por-cuenta-propia-o-autonomas-del-principado-de-asturias\/","title":{"rendered":"CONCESI\u00d3N DIRECTA DE AYUDAS URGENTES A LAS PERSONAS TRABAJADORAS POR CUENTA PROPIA O AUT\u00d3NOMAS DEL PRINCIPADO DE ASTURIAS"},"content":{"rendered":"<p>Desde el d\u00eda 8 de abril de 2020, se publico en el BOPA <a href=\"https:\/\/sedemovil.asturias.es\/bopa\/2020\/04\/08\/20200408Su2.pdf\">https:\/\/sedemovil.asturias.es\/bopa\/2020\/04\/08\/20200408Su2.pdf<\/a>, la regulaci\u00f3n de la ayuda para aut\u00f3nomos y pymes del Principado de Asturias, que hayan visto suspendida su actividad, por efectos de la declaraci\u00f3n del Estado de Alarma desde el 14 de marzo de 2020.<\/p>\n<p>&nbsp;<\/p>\n<p>Las actividades que pueden acceder a esta ayuda son las reflejadas en el Real Decreto \u00a0463\/2020, de 14 de marzo, y que detalla el Principado en su web, en las siguientes: <a href=\"https:\/\/tramita.asturias.es\/sta\/docs\/GetDocumentServlet?CUD=13065475320331040546&amp;HASH_CUD=49ef21cf9afb5a91041ca5e4b368fa3183361f90&amp;APP_CODE=STA\">https:\/\/tramita.asturias.es\/sta\/docs\/GetDocumentServlet?CUD=13065475320331040546&amp;HASH_CUD=49ef21cf9afb5a91041ca5e4b368fa3183361f90&amp;APP_CODE=STA<\/a><\/p>\n<p>&nbsp;<\/p>\n<p>Para su tramitaci\u00f3n hay que acceder a la sede electr\u00f3nica del Principado\u00a0<a href=\"https:\/\/sede.asturias.es\/\" data-saferedirecturl=\"https:\/\/www.google.com\/url?q=https:\/\/sede.asturias.es\/&amp;source=gmail&amp;ust=1586935112886000&amp;usg=AFQjCNHWZ4W2lXQmKEfsfxvKFwlpZQCg9Q\">https:\/\/sede.asturias.es\/<\/a>\u00a0, introduciendo en el buscador de cabecera el c\u00f3digo AYUD0193T01. \u00a0Y esto nos llevar\u00e1 a la pagina concreta para la solicitud.<\/p>\n<p>&nbsp;<\/p>\n<p>Los beneficiarios deben cumplir los siguientes\u00a0<strong>requisitos:<\/strong><\/p>\n<ol>\n<li>Estar en situaci\u00f3n de\u00a0<strong>alta como trabajador\/a en el R\u00e9gimen Especial de Trabajadores por Cuenta Propia o Aut\u00f3nomos<\/strong>\u00a0en la fecha de declaraci\u00f3n del Estado de Alarma, 14 de marzo de 2020<\/li>\n<li>Desarrollar, por cuenta propia y a trav\u00e9s de un\u00a0<strong>establecimiento abierto al p\u00fablico<\/strong>, alguna de las\u00a0<strong>actividades econ\u00f3micas que se haya visto obligada a la suspensi\u00f3n<\/strong>\u00a0como consecuencia de la entrada en vigor del Real Decreto\u00a0463\/2020, de 14 de marzo<\/li>\n<li>Tener un\u00a0<strong>rendimiento neto reducido de los rendimientos<\/strong>\u00a0de actividades econ\u00f3micas declarados en el ejercicio\u00a02019,\u00a0<strong>igual o inferior a 30.000 euros.<\/strong><\/li>\n<li>Tener situado su\u00a0<strong>establecimiento abierto al p\u00fablico<\/strong>, as\u00ed como su\u00a0<strong>domicilio fiscal<\/strong>, en alguno de los concejos del\u00a0Principado de Asturias.<\/li>\n<li><strong>Estar al corriente en el cumplimiento<\/strong>\u00a0de sus obligaciones tributarias y frente a la Seguridad Social y no ser\u00a0deudor de la\u00a0<strong>Hacienda del Principado de Asturias<\/strong>\u00a0por deudas vencidas, l\u00edquidas y exigibles, subvenciones solicitadas, as\u00ed como las concedidas con la misma finalidad y haber justificado las ayudas concedidas con anterioridad\u00a0por la Comunidad Aut\u00f3noma.<\/li>\n<li>No estar incursa en\u00a0<strong>ninguna de las prohibiciones recogidas en los apartados 2 y 3 del art\u00edculo 13 de la LGS.<\/strong><\/li>\n<\/ol>\n<p>Y su tramitaci\u00f3n solo se permite de manera telem\u00e1tica, con certificado digital o con auto firma.<\/p>\n<p>&nbsp;<\/p>\n<p>El importe de dicha ayuda, es de 400 euros.<\/p>\n","protected":false},"excerpt":{"rendered":"<p>Desde el d\u00eda 8 de abril de 2020, se publico en el BOPA https:\/\/sedemovil.asturias.es\/bopa\/2020\/04\/08\/20200408Su2.pdf, la regulaci\u00f3n de la ayuda para aut\u00f3nomos y pymes del Principado de Asturias, que hayan visto suspendida su actividad, por efectos de la declaraci\u00f3n del Estado de Alarma desde el 14 de marzo de 2020. &nbsp; Las actividades que pueden acceder<\/p>\n<div class=\"bottom-meta\">\n  <a href=\"http:\/\/ili-abogados.es\/index.php\/2020\/04\/14\/concesion-directa-de-ayudas-urgentes-a-las-personas-trabajadoras-por-cuenta-propia-o-autonomas-del-principado-de-asturias\/\"><span class=\"text-more\">Read More<\/span><\/a><a href=\"#\" class=\"jm-post-like entry-like\" data-post_id=\"2510\" title=\"Like\"><i class=\"fa fa-heart-o icon-unlike \"><\/i><\/a><\/div>\n","protected":false},"author":1,"featured_media":0,"comment_status":"closed","ping_status":"closed","sticky":false,"template":"","format":"standard","meta":[],"categories":[1],"tags":[],"yoast_head":"<!-- This site is optimized with the Yoast SEO plugin v19.6.1 - https:\/\/yoast.com\/wordpress\/plugins\/seo\/ -->\n<title>CONCESI\u00d3N DIRECTA DE AYUDAS URGENTES A LAS PERSONAS TRABAJADORAS POR CUENTA PROPIA O AUT\u00d3NOMAS DEL PRINCIPADO DE ASTURIAS - ILI ABOGADOS<\/title>\n<meta name=\"robots\" content=\"index, follow, max-snippet:-1, max-image-preview:large, max-video-preview:-1\" \/>\n<link rel=\"canonical\" href=\"http:\/\/ili-abogados.es\/index.php\/2020\/04\/14\/concesion-directa-de-ayudas-urgentes-a-las-personas-trabajadoras-por-cuenta-propia-o-autonomas-del-principado-de-asturias\/\" \/>\n<meta property=\"og:locale\" content=\"es_ES\" \/>\n<meta property=\"og:type\" content=\"article\" \/>\n<meta property=\"og:title\" content=\"CONCESI\u00d3N DIRECTA DE AYUDAS URGENTES A LAS PERSONAS TRABAJADORAS POR CUENTA PROPIA O AUT\u00d3NOMAS DEL PRINCIPADO DE ASTURIAS - ILI ABOGADOS\" \/>\n<meta property=\"og:description\" content=\"Desde el d\u00eda 8 de abril de 2020, se publico en el BOPA https:\/\/sedemovil.asturias.es\/bopa\/2020\/04\/08\/20200408Su2.pdf, la regulaci\u00f3n de la ayuda para aut\u00f3nomos y pymes del Principado de Asturias, que hayan visto suspendida su actividad, por efectos de la declaraci\u00f3n del Estado de Alarma desde el 14 de marzo de 2020. &nbsp; Las actividades que pueden acceder  Read More\" \/>\n<meta property=\"og:url\" content=\"http:\/\/ili-abogados.es\/index.php\/2020\/04\/14\/concesion-directa-de-ayudas-urgentes-a-las-personas-trabajadoras-por-cuenta-propia-o-autonomas-del-principado-de-asturias\/\" \/>\n<meta property=\"og:site_name\" content=\"ILI ABOGADOS\" \/>\n<meta property=\"article:published_time\" content=\"2020-04-14T07:53:23+00:00\" \/>\n<meta name=\"author\" content=\"ili-abogados\" \/>\n<meta name=\"twitter:card\" content=\"summary_large_image\" \/>\n<meta name=\"twitter:label1\" content=\"Escrito por\" \/>\n\t<meta name=\"twitter:data1\" content=\"ili-abogados\" \/>\n\t<meta name=\"twitter:label2\" content=\"Tiempo de lectura\" \/>\n\t<meta name=\"twitter:data2\" content=\"2 minutos\" \/>\n<script type=\"application\/ld+json\" class=\"yoast-schema-graph\">{\"@context\":\"https:\/\/schema.org\",\"@graph\":[{\"@type\":\"WebPage\",\"@id\":\"http:\/\/ili-abogados.es\/index.php\/2020\/04\/14\/concesion-directa-de-ayudas-urgentes-a-las-personas-trabajadoras-por-cuenta-propia-o-autonomas-del-principado-de-asturias\/\",\"url\":\"http:\/\/ili-abogados.es\/index.php\/2020\/04\/14\/concesion-directa-de-ayudas-urgentes-a-las-personas-trabajadoras-por-cuenta-propia-o-autonomas-del-principado-de-asturias\/\",\"name\":\"CONCESI\u00d3N DIRECTA DE AYUDAS URGENTES A LAS PERSONAS TRABAJADORAS POR CUENTA PROPIA O AUT\u00d3NOMAS DEL PRINCIPADO DE ASTURIAS - ILI ABOGADOS\",\"isPartOf\":{\"@id\":\"http:\/\/ili-abogados.es\/#website\"},\"datePublished\":\"2020-04-14T07:53:23+00:00\",\"dateModified\":\"2020-04-14T07:53:23+00:00\",\"author\":{\"@id\":\"http:\/\/ili-abogados.es\/#\/schema\/person\/d6cd7b51cb79cad7de1b2858669b32ef\"},\"breadcrumb\":{\"@id\":\"http:\/\/ili-abogados.es\/index.php\/2020\/04\/14\/concesion-directa-de-ayudas-urgentes-a-las-personas-trabajadoras-por-cuenta-propia-o-autonomas-del-principado-de-asturias\/#breadcrumb\"},\"inLanguage\":\"es\",\"potentialAction\":[{\"@type\":\"ReadAction\",\"target\":[\"http:\/\/ili-abogados.es\/index.php\/2020\/04\/14\/concesion-directa-de-ayudas-urgentes-a-las-personas-trabajadoras-por-cuenta-propia-o-autonomas-del-principado-de-asturias\/\"]}]},{\"@type\":\"BreadcrumbList\",\"@id\":\"http:\/\/ili-abogados.es\/index.php\/2020\/04\/14\/concesion-directa-de-ayudas-urgentes-a-las-personas-trabajadoras-por-cuenta-propia-o-autonomas-del-principado-de-asturias\/#breadcrumb\",\"itemListElement\":[{\"@type\":\"ListItem\",\"position\":1,\"name\":\"Portada\",\"item\":\"http:\/\/ili-abogados.es\/\"},{\"@type\":\"ListItem\",\"position\":2,\"name\":\"CONCESI\u00d3N DIRECTA DE AYUDAS URGENTES A LAS PERSONAS TRABAJADORAS POR CUENTA PROPIA O AUT\u00d3NOMAS DEL PRINCIPADO DE ASTURIAS\"}]},{\"@type\":\"WebSite\",\"@id\":\"http:\/\/ili-abogados.es\/#website\",\"url\":\"http:\/\/ili-abogados.es\/\",\"name\":\"ILI ABOGADOS\",\"description\":\"Despacho de Abogados Multidisciplinar\",\"potentialAction\":[{\"@type\":\"SearchAction\",\"target\":{\"@type\":\"EntryPoint\",\"urlTemplate\":\"http:\/\/ili-abogados.es\/?s={search_term_string}\"},\"query-input\":\"required name=search_term_string\"}],\"inLanguage\":\"es\"},{\"@type\":\"Person\",\"@id\":\"http:\/\/ili-abogados.es\/#\/schema\/person\/d6cd7b51cb79cad7de1b2858669b32ef\",\"name\":\"ili-abogados\",\"image\":{\"@type\":\"ImageObject\",\"inLanguage\":\"es\",\"@id\":\"http:\/\/ili-abogados.es\/#\/schema\/person\/image\/\",\"url\":\"http:\/\/2.gravatar.com\/avatar\/81400ade2d42538ff68282ca7ee491b8?s=96&d=mm&r=g\",\"contentUrl\":\"http:\/\/2.gravatar.com\/avatar\/81400ade2d42538ff68282ca7ee491b8?s=96&d=mm&r=g\",\"caption\":\"ili-abogados\"},\"url\":\"http:\/\/ili-abogados.es\/index.php\/author\/ili-abogados\/\"}]}<\/script>\n<!-- \/ Yoast SEO plugin. -->","yoast_head_json":{"title":"CONCESI\u00d3N DIRECTA DE AYUDAS URGENTES A LAS PERSONAS TRABAJADORAS POR CUENTA PROPIA O AUT\u00d3NOMAS DEL PRINCIPADO DE ASTURIAS - ILI ABOGADOS","robots":{"index":"index","follow":"follow","max-snippet":"max-snippet:-1","max-image-preview":"max-image-preview:large","max-video-preview":"max-video-preview:-1"},"canonical":"http:\/\/ili-abogados.es\/index.php\/2020\/04\/14\/concesion-directa-de-ayudas-urgentes-a-las-personas-trabajadoras-por-cuenta-propia-o-autonomas-del-principado-de-asturias\/","og_locale":"es_ES","og_type":"article","og_title":"CONCESI\u00d3N DIRECTA DE AYUDAS URGENTES A LAS PERSONAS TRABAJADORAS POR CUENTA PROPIA O AUT\u00d3NOMAS DEL PRINCIPADO DE ASTURIAS - ILI ABOGADOS","og_description":"Desde el d\u00eda 8 de abril de 2020, se publico en el BOPA https:\/\/sedemovil.asturias.es\/bopa\/2020\/04\/08\/20200408Su2.pdf, la regulaci\u00f3n de la ayuda para aut\u00f3nomos y pymes del Principado de Asturias, que hayan visto suspendida su actividad, por efectos de la declaraci\u00f3n del Estado de Alarma desde el 14 de marzo de 2020. &nbsp; Las actividades que pueden acceder  Read More","og_url":"http:\/\/ili-abogados.es\/index.php\/2020\/04\/14\/concesion-directa-de-ayudas-urgentes-a-las-personas-trabajadoras-por-cuenta-propia-o-autonomas-del-principado-de-asturias\/","og_site_name":"ILI ABOGADOS","article_published_time":"2020-04-14T07:53:23+00:00","author":"ili-abogados","twitter_card":"summary_large_image","twitter_misc":{"Escrito por":"ili-abogados","Tiempo de lectura":"2 minutos"},"schema":{"@context":"https:\/\/schema.org","@graph":[{"@type":"WebPage","@id":"http:\/\/ili-abogados.es\/index.php\/2020\/04\/14\/concesion-directa-de-ayudas-urgentes-a-las-personas-trabajadoras-por-cuenta-propia-o-autonomas-del-principado-de-asturias\/","url":"http:\/\/ili-abogados.es\/index.php\/2020\/04\/14\/concesion-directa-de-ayudas-urgentes-a-las-personas-trabajadoras-por-cuenta-propia-o-autonomas-del-principado-de-asturias\/","name":"CONCESI\u00d3N DIRECTA DE AYUDAS URGENTES A LAS PERSONAS TRABAJADORAS POR CUENTA PROPIA O AUT\u00d3NOMAS DEL PRINCIPADO DE ASTURIAS - ILI ABOGADOS","isPartOf":{"@id":"http:\/\/ili-abogados.es\/#website"},"datePublished":"2020-04-14T07:53:23+00:00","dateModified":"2020-04-14T07:53:23+00:00","author":{"@id":"http:\/\/ili-abogados.es\/#\/schema\/person\/d6cd7b51cb79cad7de1b2858669b32ef"},"breadcrumb":{"@id":"http:\/\/ili-abogados.es\/index.php\/2020\/04\/14\/concesion-directa-de-ayudas-urgentes-a-las-personas-trabajadoras-por-cuenta-propia-o-autonomas-del-principado-de-asturias\/#breadcrumb"},"inLanguage":"es","potentialAction":[{"@type":"ReadAction","target":["http:\/\/ili-abogados.es\/index.php\/2020\/04\/14\/concesion-directa-de-ayudas-urgentes-a-las-personas-trabajadoras-por-cuenta-propia-o-autonomas-del-principado-de-asturias\/"]}]},{"@type":"BreadcrumbList","@id":"http:\/\/ili-abogados.es\/index.php\/2020\/04\/14\/concesion-directa-de-ayudas-urgentes-a-las-personas-trabajadoras-por-cuenta-propia-o-autonomas-del-principado-de-asturias\/#breadcrumb","itemListElement":[{"@type":"ListItem","position":1,"name":"Portada","item":"http:\/\/ili-abogados.es\/"},{"@type":"ListItem","position":2,"name":"CONCESI\u00d3N DIRECTA DE AYUDAS URGENTES A LAS PERSONAS TRABAJADORAS POR CUENTA PROPIA O AUT\u00d3NOMAS DEL PRINCIPADO DE ASTURIAS"}]},{"@type":"WebSite","@id":"http:\/\/ili-abogados.es\/#website","url":"http:\/\/ili-abogados.es\/","name":"ILI ABOGADOS","description":"Despacho de Abogados Multidisciplinar","potentialAction":[{"@type":"SearchAction","target":{"@type":"EntryPoint","urlTemplate":"http:\/\/ili-abogados.es\/?s={search_term_string}"},"query-input":"required name=search_term_string"}],"inLanguage":"es"},{"@type":"Person","@id":"http:\/\/ili-abogados.es\/#\/schema\/person\/d6cd7b51cb79cad7de1b2858669b32ef","name":"ili-abogados","image":{"@type":"ImageObject","inLanguage":"es","@id":"http:\/\/ili-abogados.es\/#\/schema\/person\/image\/","url":"http:\/\/2.gravatar.com\/avatar\/81400ade2d42538ff68282ca7ee491b8?s=96&d=mm&r=g","contentUrl":"http:\/\/2.gravatar.com\/avatar\/81400ade2d42538ff68282ca7ee491b8?s=96&d=mm&r=g","caption":"ili-abogados"},"url":"http:\/\/ili-abogados.es\/index.php\/author\/ili-abogados\/"}]}},"_links":{"self":[{"href":"http:\/\/ili-abogados.es\/index.php\/wp-json\/wp\/v2\/posts\/2510"}],"collection":[{"href":"http:\/\/ili-abogados.es\/index.php\/wp-json\/wp\/v2\/posts"}],"about":[{"href":"http:\/\/ili-abogados.es\/index.php\/wp-json\/wp\/v2\/types\/post"}],"author":[{"embeddable":true,"href":"http:\/\/ili-abogados.es\/index.php\/wp-json\/wp\/v2\/users\/1"}],"replies":[{"embeddable":true,"href":"http:\/\/ili-abogados.es\/index.php\/wp-json\/wp\/v2\/comments?post=2510"}],"version-history":[{"count":1,"href":"http:\/\/ili-abogados.es\/index.php\/wp-json\/wp\/v2\/posts\/2510\/revisions"}],"predecessor-version":[{"id":2511,"href":"http:\/\/ili-abogados.es\/index.php\/wp-json\/wp\/v2\/posts\/2510\/revisions\/2511"}],"wp:attachment":[{"href":"http:\/\/ili-abogados.es\/index.php\/wp-json\/wp\/v2\/media?parent=2510"}],"wp:term":[{"taxonomy":"category","embeddable":true,"href":"http:\/\/ili-abogados.es\/index.php\/wp-json\/wp\/v2\/categories?post=2510"},{"taxonomy":"post_tag","embeddable":true,"href":"http:\/\/ili-abogados.es\/index.php\/wp-json\/wp\/v2\/tags?post=2510"}],"curies":[{"name":"wp","href":"https:\/\/api.w.org\/{rel}","templated":true}]}}